{"id":476,"date":"2019-05-28T13:49:24","date_gmt":"2019-05-28T11:49:24","guid":{"rendered":"https:\/\/architekt-r-becker.de\/?p=476"},"modified":"2019-05-28T15:05:43","modified_gmt":"2019-05-28T13:05:43","slug":"eintrage-folgen","status":"publish","type":"post","link":"https:\/\/architekt-r-becker.de\/index.php\/2019\/05\/28\/eintrage-folgen\/","title":{"rendered":"Eintr\u00e4ge folgen"},"content":{"rendered":"\n<p>Unsere Website befindet sich derzeit noch im Aufbau.<\/p>\n\n\n\n<p>Bitte haben Sie Verst\u00e4ndnis daf\u00fcr, dass wir noch keine Beitr\u00e4ge ver\u00f6ffentlicht haben.<\/p>\n","protected":false},"excerpt":{"rendered":"<p>Unsere Website befindet sich derzeit noch im Aufbau. Bitte haben Sie Verst\u00e4ndnis daf\u00fcr, dass wir noch keine Beitr\u00e4ge ver\u00f6ffentlicht haben.<\/p>\n","protected":false},"author":2,"featured_media":0,"comment_status":"open","ping_status":"open","sticky":false,"template":"","format":"standard","meta":{"footnotes":""},"categories":[28],"tags":[],"_links":{"self":[{"href":"https:\/\/architekt-r-becker.de\/index.php\/wp-json\/wp\/v2\/posts\/476"}],"collection":[{"href":"https:\/\/architekt-r-becker.de\/index.php\/wp-json\/wp\/v2\/posts"}],"about":[{"href":"https:\/\/architekt-r-becker.de\/index.php\/wp-json\/wp\/v2\/types\/post"}],"author":[{"embeddable":true,"href":"https:\/\/architekt-r-becker.de\/index.php\/wp-json\/wp\/v2\/users\/2"}],"replies":[{"embeddable":true,"href":"https:\/\/architekt-r-becker.de\/index.php\/wp-json\/wp\/v2\/comments?post=476"}],"version-history":[{"count":2,"href":"https:\/\/architekt-r-becker.de\/index.php\/wp-json\/wp\/v2\/posts\/476\/revisions"}],"predecessor-version":[{"id":481,"href":"https:\/\/architekt-r-becker.de\/index.php\/wp-json\/wp\/v2\/posts\/476\/revisions\/481"}],"wp:attachment":[{"href":"https:\/\/architekt-r-becker.de\/index.php\/wp-json\/wp\/v2\/media?parent=476"}],"wp:term":[{"taxonomy":"category","embeddable":true,"href":"https:\/\/architekt-r-becker.de\/index.php\/wp-json\/wp\/v2\/categories?post=476"},{"taxonomy":"post_tag","embeddable":true,"href":"https:\/\/architekt-r-becker.de\/index.php\/wp-json\/wp\/v2\/tags?post=476"}],"curies":[{"name":"wp","href":"https:\/\/api.w.org\/{rel}","templated":true}]}}